{"id":9571,"date":"2021-06-14T10:40:37","date_gmt":"2021-06-14T09:40:37","guid":{"rendered":"https:\/\/kastellskolan.se\/sida\/?p=9571"},"modified":"2021-06-14T10:40:40","modified_gmt":"2021-06-14T09:40:40","slug":"information-fran-harnosands-kommuns-faltgrupp-infor-sommaren","status":"publish","type":"post","link":"https:\/\/kastellskolan.se\/sida\/2021\/06\/14\/information-fran-harnosands-kommuns-faltgrupp-infor-sommaren\/","title":{"rendered":"Information fr\u00e5n H\u00e4rn\u00f6sands kommuns f\u00e4ltgrupp inf\u00f6r sommaren"},"content":{"rendered":"<p><em>Till dig som \u00e4r ton\u00e5rsf\u00f6r\u00e4lder i H\u00e4rn\u00f6sand.<\/em><\/p>\n<p>Vi i barn- och familjeenhetens F\u00e4ltgrupp har uppdaterat v\u00e5r information p\u00e5 H\u00e4rn\u00f6sands hemsida. Vi har ocks\u00e5 startat en chattfunktion p\u00e5 sidan fr\u00e4mst f\u00f6r ton\u00e5ringar. Anledningen till detta \u00e4r att vi i pandemitider missar m\u00e5nga personliga m\u00f6ten med ungdomar p\u00e5 skolor, kring centrum och s\u00e5 vidare. Chatten t\u00e4nker vi kan vara ett komplement d\u00e4r man kan kontakta oss \u00e4ven anonymt om man vill. Chatten \u00e4r ocks\u00e5 \u00f6ppen p\u00e5 angivna tider under sommarlovet.<\/p>\n<p><a href=\"https:\/\/www.harnosand.se\/faltgruppen\">https:\/\/www.harnosand.se\/faltgruppen<\/a><\/p>\n<p>Vi vill ocks\u00e5 sprida l\u00e4nken nedan som inneh\u00e5ller ett informationsblad med tips och r\u00e5d till v\u00e5rdnadshavare fr\u00e5n oss F\u00e4ltare.<\/p>\n<p><a href=\"https:\/\/www.harnosand.se\/faltgruppentipsar\">https:\/\/www.harnosand.se\/faltgruppentipsar<\/a><\/p>\n<p>Vi passar ocks\u00e5 p\u00e5 att promota p\u00e5 v\u00e5r Instagram som riktar sig mest till ungdomar (man f\u00e5r s\u00e5klart f\u00f6lja oss \u00e4ven om man inte \u00e4r ton\u00e5ring). Samt v\u00e5r facebooksida som mer \u00e4r riktad till er f\u00f6r\u00e4ldrar.&nbsp;<\/p>\n<p><a href=\"https:\/\/www.instagram.com\/faltgruppenhsand\/\">https:\/\/www.instagram.com\/faltgruppenhsand\/<\/a><\/p>\n<p><a href=\"https:\/\/www.facebook.com\/faltgruppenharnosand\">https:\/\/www.facebook.com\/faltgruppenharnosand<\/a><\/p>\n<p>Med v\u00e4nlig h\u00e4lsning,<\/p>\n<p>F\u00e4ltgruppen<\/p>\n<p>H\u00f6r g\u00e4rna av er om ni har fr\u00e5gor eller funderingar, kontaktuppgifter finns p\u00e5 hemsidan.<\/p>\n","protected":false},"excerpt":{"rendered":"<p>Till dig som \u00e4r ton\u00e5rsf\u00f6r\u00e4lder i H\u00e4rn\u00f6sand. Vi i barn- och familjeenhetens F\u00e4ltgrupp har uppdaterat v\u00e5r information p\u00e5 H\u00e4rn\u00f6sands hemsida. Vi har ocks\u00e5 startat en chattfunktion p\u00e5 sidan fr\u00e4mst f\u00f6r ton\u00e5ringar. Anledningen till detta \u00e4r att vi i pandemitider missar m\u00e5nga personliga m\u00f6ten med ungdomar p\u00e5 skolor, kring centrum och s\u00e5 vidare. Chatten t\u00e4nker vi &hellip; <\/p>\n","protected":false},"author":12,"featured_media":9573,"comment_status":"open","ping_status":"open","sticky":false,"template":"","format":"standard","meta":{"jetpack_post_was_ever_published":false,"_jetpack_newsletter_access":"","_jetpack_dont_email_post_to_subs":false,"_jetpack_newsletter_tier_id":0,"_jetpack_memberships_contains_paywalled_content":false,"_jetpack_memberships_contains_paid_content":false,"footnotes":"","jetpack_publicize_message":"","jetpack_publicize_feature_enabled":true,"jetpack_social_post_already_shared":true,"jetpack_social_options":{"image_generator_settings":{"template":"highway","default_image_id":0,"font":"","enabled":false},"version":2}},"categories":[58,3],"tags":[],"class_list":["post-9571","post","type-post","status-publish","format-standard","has-post-thumbnail","hentry","category-7-9","category-kastellskolan","latest_post"],"jetpack_publicize_connections":[],"jetpack_featured_media_url":"https:\/\/i0.wp.com\/kastellskolan.se\/sida\/wp-content\/uploads\/2021\/06\/IMG_1244-scaled.jpg?fit=1920%2C2560&ssl=1","jetpack_sharing_enabled":true,"jetpack_shortlink":"https:\/\/wp.me\/p4pxxI-2un","_links":{"self":[{"href":"https:\/\/kastellskolan.se\/sida\/wp-json\/wp\/v2\/posts\/9571","targetHints":{"allow":["GET"]}}],"collection":[{"href":"https:\/\/kastellskolan.se\/sida\/wp-json\/wp\/v2\/posts"}],"about":[{"href":"https:\/\/kastellskolan.se\/sida\/wp-json\/wp\/v2\/types\/post"}],"author":[{"embeddable":true,"href":"https:\/\/kastellskolan.se\/sida\/wp-json\/wp\/v2\/users\/12"}],"replies":[{"embeddable":true,"href":"https:\/\/kastellskolan.se\/sida\/wp-json\/wp\/v2\/comments?post=9571"}],"version-history":[{"count":1,"href":"https:\/\/kastellskolan.se\/sida\/wp-json\/wp\/v2\/posts\/9571\/revisions"}],"predecessor-version":[{"id":9572,"href":"https:\/\/kastellskolan.se\/sida\/wp-json\/wp\/v2\/posts\/9571\/revisions\/9572"}],"wp:featuredmedia":[{"embeddable":true,"href":"https:\/\/kastellskolan.se\/sida\/wp-json\/wp\/v2\/media\/9573"}],"wp:attachment":[{"href":"https:\/\/kastellskolan.se\/sida\/wp-json\/wp\/v2\/media?parent=9571"}],"wp:term":[{"taxonomy":"category","embeddable":true,"href":"https:\/\/kastellskolan.se\/sida\/wp-json\/wp\/v2\/categories?post=9571"},{"taxonomy":"post_tag","embeddable":true,"href":"https:\/\/kastellskolan.se\/sida\/wp-json\/wp\/v2\/tags?post=9571"}],"curies":[{"name":"wp","href":"https:\/\/api.w.org\/{rel}","templated":true}]}}