{"id":1377,"date":"2019-01-03T17:33:34","date_gmt":"2019-01-03T16:33:34","guid":{"rendered":"http:\/\/kastellskolan.se\/sida\/?p=1377"},"modified":"2025-03-12T11:28:17","modified_gmt":"2025-03-12T10:28:17","slug":"forordnande-som-t-f-skolchef","status":"publish","type":"post","link":"https:\/\/kastellskolan.se\/sida\/2019\/01\/03\/forordnande-som-t-f-skolchef\/","title":{"rendered":"F\u00f6rordnande som t f Skolchef."},"content":{"rendered":"<p>Enligt en ny best\u00e4mmelse i Skollagen, ( Skollagen, 2:a kapitlet, pargraf 8 a j\u00e4mte proposition 2017:18:182 &#8221;Samling f\u00f6r skolan&#8221; ) skall huvudmannen, i v\u00e5rt fall, Kastellskolans styrelse, utse en<em> skolchef <\/em>som skall bitr\u00e4da huvudmannen med att bl a tillse att de f\u00f6reskrifter som g\u00e4ller f\u00f6r utbildningsomr\u00e5det\u00a0 \u00e5tf\u00f6ljs i den verksamhet som huvudmannen ansvarar f\u00f6r.<\/p>\n<p>Med f\u00f6reskrifter avses\u00a0 best\u00e4mmelser i lagar, f\u00f6rordningar och myndighetsf\u00f6reskrifter som g\u00e4ller f\u00f6r utbildningsomr\u00e5det. Aktuella f\u00f6reskrifter<\/p>\n<p>\u00e5terfinns\u00a0 i f\u00f6rsta hand i Skollagen och anslutande f\u00f6rfattningar men omfattar\u00a0 \u00e4ven <em>exempelvis<\/em> Arbetsmilj\u00f6lagen ( 1977:1160 ) resp. Diskrimineringslagen ( 2008:567 )<\/p>\n<p>I uppdraget ing\u00e5r \u00e4ven ha ett tydligt fokus p\u00e5 det systematiska kvalitetsarbetet.<\/p>\n<p>Best\u00e4mmelsen i Skollagen &#8211; se ovan &#8211; g\u00e4ller hela skolv\u00e4sendet och omfattar alla skolformer, fr\u00e5n f\u00f6rskola till s\u00e4rskild utbildning f\u00f6r vuxna och fritidshemsverksamhet.<\/p>\n<p>Utifr\u00e5n att styrelsen under den g\u00e5ngna h\u00f6sten\u00a0 berett fr\u00e5gan har Ingrid Eknemar f\u00f6rordnats som t f skolchef under i f\u00f6rsta hand tidsperioden, 2019-01-01 &#8212; 06-30.<\/p>\n<p>Uppdraget som t f skolchef samordnas med Ingrid Eknemars uppdrag sedan tidigare som rektor.<\/p>\n<p>Under den aktuella f\u00f6rordnandeperioden avses uppdraget\u00a0 som skolchef vid Kastellskolan vad avser s\u00e5v\u00e4l arbetsinneh\u00e5ll-\/uppgifter som bed\u00f6md tids\u00e5tg\u00e5ng &#8211; inte minst kopplat till f\u00f6rv\u00e4ntat erfarenhetsutbyte med- resp. klarl\u00e4gganden fr\u00e5n nationell niv\u00e5 &#8211; att\u00a0 preciseras.<\/p>\n<p>H\u00e4rn\u00f6sand 2019-01-01<\/p>\n<p>Kastellskolans styrelse<\/p>\n<p>&nbsp;<\/p>\n","protected":false},"excerpt":{"rendered":"<p>Enligt en ny best\u00e4mmelse i Skollagen, ( Skollagen, 2:a kapitlet, pargraf 8 a j\u00e4mte proposition 2017:18:182 &#8221;Samling f\u00f6r skolan&#8221; ) skall huvudmannen, i v\u00e5rt fall, Kastellskolans styrelse, utse en skolchef som skall bitr\u00e4da huvudmannen med att bl a tillse att de f\u00f6reskrifter som g\u00e4ller f\u00f6r utbildningsomr\u00e5det\u00a0 \u00e5tf\u00f6ljs i den verksamhet som huvudmannen ansvarar f\u00f6r. Med &hellip; <\/p>\n","protected":false},"author":12,"featured_media":0,"comment_status":"open","ping_status":"open","sticky":false,"template":"","format":"standard","meta":{"jetpack_post_was_ever_published":false,"_jetpack_newsletter_access":"","_jetpack_dont_email_post_to_subs":false,"_jetpack_newsletter_tier_id":0,"_jetpack_memberships_contains_paywalled_content":false,"_jetpack_memberships_contains_paid_content":false,"footnotes":"","jetpack_publicize_message":"","jetpack_publicize_feature_enabled":true,"jetpack_social_post_already_shared":true,"jetpack_social_options":{"image_generator_settings":{"template":"highway","default_image_id":0,"font":"","enabled":false},"version":2}},"categories":[156],"tags":[],"class_list":["post-1377","post","type-post","status-publish","format-standard","hentry","category-aldre-inlagg","latest_post"],"jetpack_publicize_connections":[],"jetpack_featured_media_url":"","jetpack_sharing_enabled":true,"jetpack_shortlink":"https:\/\/wp.me\/p4pxxI-md","_links":{"self":[{"href":"https:\/\/kastellskolan.se\/sida\/wp-json\/wp\/v2\/posts\/1377","targetHints":{"allow":["GET"]}}],"collection":[{"href":"https:\/\/kastellskolan.se\/sida\/wp-json\/wp\/v2\/posts"}],"about":[{"href":"https:\/\/kastellskolan.se\/sida\/wp-json\/wp\/v2\/types\/post"}],"author":[{"embeddable":true,"href":"https:\/\/kastellskolan.se\/sida\/wp-json\/wp\/v2\/users\/12"}],"replies":[{"embeddable":true,"href":"https:\/\/kastellskolan.se\/sida\/wp-json\/wp\/v2\/comments?post=1377"}],"version-history":[{"count":2,"href":"https:\/\/kastellskolan.se\/sida\/wp-json\/wp\/v2\/posts\/1377\/revisions"}],"predecessor-version":[{"id":1379,"href":"https:\/\/kastellskolan.se\/sida\/wp-json\/wp\/v2\/posts\/1377\/revisions\/1379"}],"wp:attachment":[{"href":"https:\/\/kastellskolan.se\/sida\/wp-json\/wp\/v2\/media?parent=1377"}],"wp:term":[{"taxonomy":"category","embeddable":true,"href":"https:\/\/kastellskolan.se\/sida\/wp-json\/wp\/v2\/categories?post=1377"},{"taxonomy":"post_tag","embeddable":true,"href":"https:\/\/kastellskolan.se\/sida\/wp-json\/wp\/v2\/tags?post=1377"}],"curies":[{"name":"wp","href":"https:\/\/api.w.org\/{rel}","templated":true}]}}